{"id":534,"date":"2021-07-10T00:43:59","date_gmt":"2021-07-10T00:43:59","guid":{"rendered":"https:\/\/www.quierounlinux.com\/?p=534"},"modified":"2021-07-10T00:43:59","modified_gmt":"2021-07-10T00:43:59","slug":"como-puedo-eliminar-los-marcadores-de-fotos-musica-videos-de-la-barra-lateral-de-archivos-nautilus-ubuntu","status":"publish","type":"post","link":"https:\/\/quierounlinux.com\/?p=534","title":{"rendered":"\u00bfC\u00f3mo puedo eliminar los marcadores de Fotos, M\u00fasica, Vi\u00addeos, de la barra lateral de Archivos (Nautilus) Ubuntu?"},"content":{"rendered":"\n<p>El otro d\u00eda trabajando con varias ventanas del <a href=\"https:\/\/wiki.gnome.org\/Apps\/Files\" target=\"_blank\" rel=\"noreferrer noopener\">Administrador de Archivos (Nautilus)<\/a> me encontr\u00e9 con el problema de que necesitaba trabajar con archivos en mis otros discos duros, los cuales son agregados abajo a continuaci\u00f3n de  los marcadores de Videos o la Papelera, y me di cuenta que hay algunos marcadores que sinceramente no utilizo como M\u00fasica y Videos, y quer\u00eda quitarlos para reducir un poco el espacio que estos ocupan visualmente.<\/p>\n\n\n\n<p>No utilizo casi los marcadores M\u00fasica y Videos, ya que tengo espacio en disco duro especialmente para ello por el volumen y para evitar cualquier problema con el sistema operativo.<\/p>\n\n\n\n<figure class=\"wp-block-image size-large\"><a href=\"https:\/\/quierounlinux.com\/wp-content\/uploads\/2021\/07\/Marcadores-Aplicacion-Archivo-Nautilus-Ubuntu-quierounlinux.com_.png\"><img decoding=\"async\" src=\"https:\/\/quierounlinux.com\/wp-content\/uploads\/2021\/07\/Marcadores-Aplicacion-Archivo-Nautilus-Ubuntu-quierounlinux.com_.png\" alt=\"\" class=\"wp-image-536\"\/><\/a><\/figure>\n\n\n\n<h2 class=\"wp-block-heading\"><strong>POSIBLE SOLUCI\u00d3N:<\/strong><\/h2>\n\n\n\n<p>Buscando en internet encontr\u00e9 que en realidad es muy simple quitar estos marcadores y\/o hacer cambios simplemente configurando un archivo bookmarks de gtk en el archivo .config y un archivo user-dirs.dirs.<\/p>\n\n\n\n<p>Si no logras encontrar el archivo, recuerda que tienes que tener habilitado la visualizaci\u00f3n de archivos ocultos. Puedes utilizar Control+H o ir al men\u00fa y buscar \u00abMostrar Archivos Ocultos\u00bb si est\u00e9 o no tildado.<\/p>\n\n\n\n<p>La ubicaci\u00f3n normalmente es en Home\/.config\/ o si lo tienes en espa\u00f1ol en Carpeta Personal \/.config\/<\/p>\n\n\n\n<p><strong>Editar los archivos:<\/strong><\/p>\n\n\n\n<pre class=\"wp-block-code\"><code>$HOME\/.config\/gtk-3.0\/bookmarks<\/code><\/pre>\n\n\n\n<pre class=\"wp-block-code\"><code>$HOME\/.config\/user-dirs.dirs<\/code><\/pre>\n\n\n\n<p>y eliminar todas las l\u00edneas que corresponden a las carpetas que desea eliminar de la barra lateral. <\/p>\n\n\n\n<p>Mi configuraci\u00f3n original era as\u00ed\u00ad:<\/p>\n\n\n\n<pre class=\"wp-block-code\"><code>file:\/\/\/home\/nevil\/Documentos\nfile:\/\/\/home\/nevil\/M%C3%BAsica\nfile:\/\/\/home\/nevil\/Im%C3%A1genes\nfile:\/\/\/home\/nevil\/V%C3%ADdeos\nfile:\/\/\/home\/nevil\/Descargas<\/code><\/pre>\n\n\n\n<p>Y lo dej\u00e9 as\u00ed:<\/p>\n\n\n\n<pre class=\"wp-block-code\"><code>file:\/\/\/home\/nevil\/Documentos\nfile:\/\/\/home\/nevil\/Im%C3%A1genes\nfile:\/\/\/home\/nevil\/Descargas<\/code><\/pre>\n\n\n\n<p>En realidad cada l\u00ednea tiene este estilo, dependiendo de tu idioma y tu usuario.<\/p>\n\n\n\n<pre class=\"wp-block-code\"><code>file:\/\/\/home\/username\/Downloads<\/code><\/pre>\n\n\n\n<p>Recuerda que debes sustituir  <strong>username<\/strong> (nombre de usuario) por tu nombre de usuario.<\/p>\n\n\n\n<p>Finalmente tienes que reiniciar el gestor y\/o tambi\u00e9n tu computadora.<\/p>\n\n\n\n<p><strong>OTRA SOLUCI\u00d3N:<\/strong><\/p>\n\n\n\n<p>He visto que algunos eliminan o renombran las carpetas originales para que no las encuentre.<\/p>\n\n\n\n<p>Otros activan un bot\u00f3n de Eliminar o Quitar, pero hay versiones de Ubuntu que no te permiten hacer esos cambios como el <a href=\"https:\/\/quierounlinux.com\/distros\/ubuntu\/ubuntu-lts\/ubuntu-gnome-lts\/\" target=\"_blank\" rel=\"noreferrer noopener\">Ubuntu 20.04 LTS <\/a>que tengo en este momento.<\/p>\n\n\n\n<p>Tambi\u00e9n se puede activar o desactivar la barra lateral, desde Preferencias, pero eso no es lo que yo quer\u00eda, sino eliminar algunos marcadores que me son de poca utilidad.<\/p>\n\n\n\n<p><\/p>\n\n\n\n<p>Bien, hasta aqu\u00ed\u00ad este art\u00edculo sobre este problema y la soluci\u00f3n que he<a href=\"https:\/\/quierounlinux.com\/category\/tips-y-trucos\/\" target=\"_blank\" rel=\"noreferrer noopener\"> implementado yo en tips y trucos.<\/a><\/p>\n\n\n\n<p>Si tienes alguna otra soluci\u00f3n, te animo a comentar y a compartir tu experiencia y soluci\u00f3n. A mi me toc\u00f3 probar varias veces ya que no se porqu\u00e9 no me qued\u00f3 a la primera, se ve que algo estaba usando.<\/p>\n\n\n\n<p>Tambi\u00e9n si te ha sido de utilidad este art\u00edculo te animo a compartirlo con tus amigos o en tus redes sociales lo que me ayuda mucho para difundir esta web.<\/p>\n","protected":false},"excerpt":{"rendered":"<p>El otro d\u00eda trabajando con varias ventanas del Administrador de Archivos (Nautilus) me encontr\u00e9 con el problema de que necesitaba trabajar con archivos en mis otros discos duros, los cuales son agregados abajo a continuaci\u00f3n de los marcadores de Videos o la Papelera, y me di cuenta que hay algunos marcadores que sinceramente no utilizo [&hellip;]<\/p>\n","protected":false},"author":1,"featured_media":536,"comment_status":"open","ping_status":"open","sticky":false,"template":"","format":"standard","meta":{"footnotes":""},"categories":[2,3,59,33,34],"tags":[],"class_list":["post-534","post","type-post","status-publish","format-standard","has-post-thumbnail","hentry","category-comunidad","category-distribuciones","category-solucionar-problemas","category-tips-y-trucos","category-ubuntu-distribuciones"],"_links":{"self":[{"href":"https:\/\/quierounlinux.com\/index.php?rest_route=\/wp\/v2\/posts\/534","targetHints":{"allow":["GET"]}}],"collection":[{"href":"https:\/\/quierounlinux.com\/index.php?rest_route=\/wp\/v2\/posts"}],"about":[{"href":"https:\/\/quierounlinux.com\/index.php?rest_route=\/wp\/v2\/types\/post"}],"author":[{"embeddable":true,"href":"https:\/\/quierounlinux.com\/index.php?rest_route=\/wp\/v2\/users\/1"}],"replies":[{"embeddable":true,"href":"https:\/\/quierounlinux.com\/index.php?rest_route=%2Fwp%2Fv2%2Fcomments&post=534"}],"version-history":[{"count":0,"href":"https:\/\/quierounlinux.com\/index.php?rest_route=\/wp\/v2\/posts\/534\/revisions"}],"wp:featuredmedia":[{"embeddable":true,"href":"https:\/\/quierounlinux.com\/index.php?rest_route=\/"}],"wp:attachment":[{"href":"https:\/\/quierounlinux.com\/index.php?rest_route=%2Fwp%2Fv2%2Fmedia&parent=534"}],"wp:term":[{"taxonomy":"category","embeddable":true,"href":"https:\/\/quierounlinux.com\/index.php?rest_route=%2Fwp%2Fv2%2Fcategories&post=534"},{"taxonomy":"post_tag","embeddable":true,"href":"https:\/\/quierounlinux.com\/index.php?rest_route=%2Fwp%2Fv2%2Ftags&post=534"}],"curies":[{"name":"wp","href":"https:\/\/api.w.org\/{rel}","templated":true}]}}